{"id":6080,"date":"2021-02-13T21:29:25","date_gmt":"2021-02-13T21:29:25","guid":{"rendered":"https:\/\/www.corporacioninmobiliaria.com.co\/?p=6080"},"modified":"2021-02-13T21:56:40","modified_gmt":"2021-02-13T21:56:40","slug":"la-transformacion-de-las-oficinas-post-covid","status":"publish","type":"post","link":"https:\/\/corporacioninmobiliaria.com.co\/en\/la-transformacion-de-las-oficinas-post-covid\/","title":{"rendered":"La transformaci\u00f3n de las oficinas post-COVID"},"content":{"rendered":"<p>Texto aqu\u00ed<\/p>\n","protected":false},"excerpt":{"rendered":"<p>Texto aqu\u00ed<\/p>\n","protected":false},"author":1,"featured_media":6081,"comment_status":"open","ping_status":"open","sticky":false,"template":"","format":"standard","meta":{"footnotes":""},"categories":[24],"tags":[],"class_list":{"0":"post-6080","1":"post","2":"type-post","3":"status-publish","4":"format-standard","5":"has-post-thumbnail","7":"category-diseno"},"yoast_head":"<!-- This site is optimized with the Yoast SEO plugin v20.4 - https:\/\/yoast.com\/wordpress\/plugins\/seo\/ -->\n<title>La transformaci\u00f3n de las oficinas post-COVID | Corporaci\u00f3n Inmobiliaria<\/title>\n<meta name=\"robots\" content=\"index, follow, max-snippet:-1, max-image-preview:large, max-video-preview:-1\" \/>\n<link rel=\"canonical\" href=\"https:\/\/corporacioninmobiliaria.com.co\/en\/la-transformacion-de-las-oficinas-post-covid\/\" \/>\n<meta property=\"og:locale\" content=\"en_US\" \/>\n<meta property=\"og:type\" content=\"article\" \/>\n<meta property=\"og:title\" content=\"La transformaci\u00f3n de las oficinas post-COVID | Corporaci\u00f3n Inmobiliaria\" \/>\n<meta property=\"og:description\" content=\"Texto aqu\u00ed\" \/>\n<meta property=\"og:url\" content=\"https:\/\/corporacioninmobiliaria.com.co\/en\/la-transformacion-de-las-oficinas-post-covid\/\" \/>\n<meta property=\"og:site_name\" content=\"Corporaci\u00f3n Inmobiliaria\" \/>\n<meta property=\"article:published_time\" content=\"2021-02-13T21:29:25+00:00\" \/>\n<meta property=\"article:modified_time\" content=\"2021-02-13T21:56:40+00:00\" \/>\n<meta property=\"og:image\" content=\"https:\/\/corporacioninmobiliaria.com.co\/wp-content\/uploads\/2021\/02\/OficinaTechoMadera-1.jpg\" \/>\n\t<meta property=\"og:image:width\" content=\"2000\" \/>\n\t<meta property=\"og:image:height\" content=\"1383\" \/>\n\t<meta property=\"og:image:type\" content=\"image\/jpeg\" \/>\n<meta name=\"author\" content=\"corporacionprd\" \/>\n<meta name=\"twitter:card\" content=\"summary_large_image\" \/>\n<meta name=\"twitter:label1\" content=\"Written by\" \/>\n\t<meta name=\"twitter:data1\" content=\"corporacionprd\" \/>\n<script type=\"application\/ld+json\" class=\"yoast-schema-graph\">{\"@context\":\"https:\/\/schema.org\",\"@graph\":[{\"@type\":\"Article\",\"@id\":\"https:\/\/corporacioninmobiliaria.com.co\/en\/la-transformacion-de-las-oficinas-post-covid\/#article\",\"isPartOf\":{\"@id\":\"https:\/\/corporacioninmobiliaria.com.co\/en\/la-transformacion-de-las-oficinas-post-covid\/\"},\"author\":{\"name\":\"corporacionprd\",\"@id\":\"https:\/\/corporacioninmobiliaria.com.co\/#\/schema\/person\/b4c9b91e07e9241606ae475fa7bf69a4\"},\"headline\":\"La transformaci\u00f3n de las oficinas post-COVID\",\"datePublished\":\"2021-02-13T21:29:25+00:00\",\"dateModified\":\"2021-02-13T21:56:40+00:00\",\"mainEntityOfPage\":{\"@id\":\"https:\/\/corporacioninmobiliaria.com.co\/en\/la-transformacion-de-las-oficinas-post-covid\/\"},\"wordCount\":9,\"commentCount\":0,\"publisher\":{\"@id\":\"https:\/\/corporacioninmobiliaria.com.co\/#organization\"},\"articleSection\":[\"Dise\u00f1o\"],\"inLanguage\":\"en-US\",\"potentialAction\":[{\"@type\":\"CommentAction\",\"name\":\"Comment\",\"target\":[\"https:\/\/corporacioninmobiliaria.com.co\/en\/la-transformacion-de-las-oficinas-post-covid\/#respond\"]}]},{\"@type\":\"WebPage\",\"@id\":\"https:\/\/corporacioninmobiliaria.com.co\/en\/la-transformacion-de-las-oficinas-post-covid\/\",\"url\":\"https:\/\/corporacioninmobiliaria.com.co\/en\/la-transformacion-de-las-oficinas-post-covid\/\",\"name\":\"La transformaci\u00f3n de las oficinas post-COVID | Corporaci\u00f3n Inmobiliaria\",\"isPartOf\":{\"@id\":\"https:\/\/corporacioninmobiliaria.com.co\/#website\"},\"datePublished\":\"2021-02-13T21:29:25+00:00\",\"dateModified\":\"2021-02-13T21:56:40+00:00\",\"breadcrumb\":{\"@id\":\"https:\/\/corporacioninmobiliaria.com.co\/en\/la-transformacion-de-las-oficinas-post-covid\/#breadcrumb\"},\"inLanguage\":\"en-US\",\"potentialAction\":[{\"@type\":\"ReadAction\",\"target\":[\"https:\/\/corporacioninmobiliaria.com.co\/en\/la-transformacion-de-las-oficinas-post-covid\/\"]}]},{\"@type\":\"BreadcrumbList\",\"@id\":\"https:\/\/corporacioninmobiliaria.com.co\/en\/la-transformacion-de-las-oficinas-post-covid\/#breadcrumb\",\"itemListElement\":[{\"@type\":\"ListItem\",\"position\":1,\"name\":\"Portada\",\"item\":\"https:\/\/corporacioninmobiliaria.com.co\/en\/\"},{\"@type\":\"ListItem\",\"position\":2,\"name\":\"La transformaci\u00f3n de las oficinas post-COVID\"}]},{\"@type\":\"WebSite\",\"@id\":\"https:\/\/corporacioninmobiliaria.com.co\/#website\",\"url\":\"https:\/\/corporacioninmobiliaria.com.co\/\",\"name\":\"Corporaci\u00f3n Inmobiliaria\",\"description\":\"\",\"publisher\":{\"@id\":\"https:\/\/corporacioninmobiliaria.com.co\/#organization\"},\"potentialAction\":[{\"@type\":\"SearchAction\",\"target\":{\"@type\":\"EntryPoint\",\"urlTemplate\":\"https:\/\/corporacioninmobiliaria.com.co\/?s={search_term_string}\"},\"query-input\":\"required name=search_term_string\"}],\"inLanguage\":\"en-US\"},{\"@type\":\"Organization\",\"@id\":\"https:\/\/corporacioninmobiliaria.com.co\/#organization\",\"name\":\"Corporaci\u00f3n Inmobiliaria\",\"url\":\"https:\/\/corporacioninmobiliaria.com.co\/\",\"logo\":{\"@type\":\"ImageObject\",\"inLanguage\":\"en-US\",\"@id\":\"https:\/\/corporacioninmobiliaria.com.co\/#\/schema\/logo\/image\/\",\"url\":\"https:\/\/corporacioninmobiliaria.com.co\/wp-content\/uploads\/2021\/02\/FaviconCorporacion.png\",\"contentUrl\":\"https:\/\/corporacioninmobiliaria.com.co\/wp-content\/uploads\/2021\/02\/FaviconCorporacion.png\",\"width\":576,\"height\":576,\"caption\":\"Corporaci\u00f3n Inmobiliaria\"},\"image\":{\"@id\":\"https:\/\/corporacioninmobiliaria.com.co\/#\/schema\/logo\/image\/\"}},{\"@type\":\"Person\",\"@id\":\"https:\/\/corporacioninmobiliaria.com.co\/#\/schema\/person\/b4c9b91e07e9241606ae475fa7bf69a4\",\"name\":\"corporacionprd\",\"image\":{\"@type\":\"ImageObject\",\"inLanguage\":\"en-US\",\"@id\":\"https:\/\/corporacioninmobiliaria.com.co\/#\/schema\/person\/image\/\",\"url\":\"https:\/\/secure.gravatar.com\/avatar\/01864fb63b00595874878e89ba6e178cb54ef6578f533190ee87ac1439acedbf?s=96&d=mm&r=g\",\"contentUrl\":\"https:\/\/secure.gravatar.com\/avatar\/01864fb63b00595874878e89ba6e178cb54ef6578f533190ee87ac1439acedbf?s=96&d=mm&r=g\",\"caption\":\"corporacionprd\"},\"sameAs\":[\"https:\/\/www.corporacioninmobiliaria.com.co\"]}]}<\/script>\n<!-- \/ Yoast SEO plugin. -->","yoast_head_json":{"title":"La transformaci\u00f3n de las oficinas post-COVID | Corporaci\u00f3n Inmobiliaria","robots":{"index":"index","follow":"follow","max-snippet":"max-snippet:-1","max-image-preview":"max-image-preview:large","max-video-preview":"max-video-preview:-1"},"canonical":"https:\/\/corporacioninmobiliaria.com.co\/en\/la-transformacion-de-las-oficinas-post-covid\/","og_locale":"en_US","og_type":"article","og_title":"La transformaci\u00f3n de las oficinas post-COVID | Corporaci\u00f3n Inmobiliaria","og_description":"Texto aqu\u00ed","og_url":"https:\/\/corporacioninmobiliaria.com.co\/en\/la-transformacion-de-las-oficinas-post-covid\/","og_site_name":"Corporaci\u00f3n Inmobiliaria","article_published_time":"2021-02-13T21:29:25+00:00","article_modified_time":"2021-02-13T21:56:40+00:00","og_image":[{"width":2000,"height":1383,"url":"https:\/\/corporacioninmobiliaria.com.co\/wp-content\/uploads\/2021\/02\/OficinaTechoMadera-1.jpg","type":"image\/jpeg"}],"author":"corporacionprd","twitter_card":"summary_large_image","twitter_misc":{"Written by":"corporacionprd"},"schema":{"@context":"https:\/\/schema.org","@graph":[{"@type":"Article","@id":"https:\/\/corporacioninmobiliaria.com.co\/en\/la-transformacion-de-las-oficinas-post-covid\/#article","isPartOf":{"@id":"https:\/\/corporacioninmobiliaria.com.co\/en\/la-transformacion-de-las-oficinas-post-covid\/"},"author":{"name":"corporacionprd","@id":"https:\/\/corporacioninmobiliaria.com.co\/#\/schema\/person\/b4c9b91e07e9241606ae475fa7bf69a4"},"headline":"La transformaci\u00f3n de las oficinas post-COVID","datePublished":"2021-02-13T21:29:25+00:00","dateModified":"2021-02-13T21:56:40+00:00","mainEntityOfPage":{"@id":"https:\/\/corporacioninmobiliaria.com.co\/en\/la-transformacion-de-las-oficinas-post-covid\/"},"wordCount":9,"commentCount":0,"publisher":{"@id":"https:\/\/corporacioninmobiliaria.com.co\/#organization"},"articleSection":["Dise\u00f1o"],"inLanguage":"en-US","potentialAction":[{"@type":"CommentAction","name":"Comment","target":["https:\/\/corporacioninmobiliaria.com.co\/en\/la-transformacion-de-las-oficinas-post-covid\/#respond"]}]},{"@type":"WebPage","@id":"https:\/\/corporacioninmobiliaria.com.co\/en\/la-transformacion-de-las-oficinas-post-covid\/","url":"https:\/\/corporacioninmobiliaria.com.co\/en\/la-transformacion-de-las-oficinas-post-covid\/","name":"La transformaci\u00f3n de las oficinas post-COVID | Corporaci\u00f3n Inmobiliaria","isPartOf":{"@id":"https:\/\/corporacioninmobiliaria.com.co\/#website"},"datePublished":"2021-02-13T21:29:25+00:00","dateModified":"2021-02-13T21:56:40+00:00","breadcrumb":{"@id":"https:\/\/corporacioninmobiliaria.com.co\/en\/la-transformacion-de-las-oficinas-post-covid\/#breadcrumb"},"inLanguage":"en-US","potentialAction":[{"@type":"ReadAction","target":["https:\/\/corporacioninmobiliaria.com.co\/en\/la-transformacion-de-las-oficinas-post-covid\/"]}]},{"@type":"BreadcrumbList","@id":"https:\/\/corporacioninmobiliaria.com.co\/en\/la-transformacion-de-las-oficinas-post-covid\/#breadcrumb","itemListElement":[{"@type":"ListItem","position":1,"name":"Portada","item":"https:\/\/corporacioninmobiliaria.com.co\/en\/"},{"@type":"ListItem","position":2,"name":"La transformaci\u00f3n de las oficinas post-COVID"}]},{"@type":"WebSite","@id":"https:\/\/corporacioninmobiliaria.com.co\/#website","url":"https:\/\/corporacioninmobiliaria.com.co\/","name":"Corporaci\u00f3n Inmobiliaria","description":"","publisher":{"@id":"https:\/\/corporacioninmobiliaria.com.co\/#organization"},"potentialAction":[{"@type":"SearchAction","target":{"@type":"EntryPoint","urlTemplate":"https:\/\/corporacioninmobiliaria.com.co\/?s={search_term_string}"},"query-input":"required name=search_term_string"}],"inLanguage":"en-US"},{"@type":"Organization","@id":"https:\/\/corporacioninmobiliaria.com.co\/#organization","name":"Corporaci\u00f3n Inmobiliaria","url":"https:\/\/corporacioninmobiliaria.com.co\/","logo":{"@type":"ImageObject","inLanguage":"en-US","@id":"https:\/\/corporacioninmobiliaria.com.co\/#\/schema\/logo\/image\/","url":"https:\/\/corporacioninmobiliaria.com.co\/wp-content\/uploads\/2021\/02\/FaviconCorporacion.png","contentUrl":"https:\/\/corporacioninmobiliaria.com.co\/wp-content\/uploads\/2021\/02\/FaviconCorporacion.png","width":576,"height":576,"caption":"Corporaci\u00f3n Inmobiliaria"},"image":{"@id":"https:\/\/corporacioninmobiliaria.com.co\/#\/schema\/logo\/image\/"}},{"@type":"Person","@id":"https:\/\/corporacioninmobiliaria.com.co\/#\/schema\/person\/b4c9b91e07e9241606ae475fa7bf69a4","name":"corporacionprd","image":{"@type":"ImageObject","inLanguage":"en-US","@id":"https:\/\/corporacioninmobiliaria.com.co\/#\/schema\/person\/image\/","url":"https:\/\/secure.gravatar.com\/avatar\/01864fb63b00595874878e89ba6e178cb54ef6578f533190ee87ac1439acedbf?s=96&d=mm&r=g","contentUrl":"https:\/\/secure.gravatar.com\/avatar\/01864fb63b00595874878e89ba6e178cb54ef6578f533190ee87ac1439acedbf?s=96&d=mm&r=g","caption":"corporacionprd"},"sameAs":["https:\/\/www.corporacioninmobiliaria.com.co"]}]}},"_links":{"self":[{"href":"https:\/\/corporacioninmobiliaria.com.co\/en\/wp-json\/wp\/v2\/posts\/6080","targetHints":{"allow":["GET"]}}],"collection":[{"href":"https:\/\/corporacioninmobiliaria.com.co\/en\/wp-json\/wp\/v2\/posts"}],"about":[{"href":"https:\/\/corporacioninmobiliaria.com.co\/en\/wp-json\/wp\/v2\/types\/post"}],"author":[{"embeddable":true,"href":"https:\/\/corporacioninmobiliaria.com.co\/en\/wp-json\/wp\/v2\/users\/1"}],"replies":[{"embeddable":true,"href":"https:\/\/corporacioninmobiliaria.com.co\/en\/wp-json\/wp\/v2\/comments?post=6080"}],"version-history":[{"count":0,"href":"https:\/\/corporacioninmobiliaria.com.co\/en\/wp-json\/wp\/v2\/posts\/6080\/revisions"}],"wp:featuredmedia":[{"embeddable":true,"href":"https:\/\/corporacioninmobiliaria.com.co\/en\/wp-json\/wp\/v2\/media\/6081"}],"wp:attachment":[{"href":"https:\/\/corporacioninmobiliaria.com.co\/en\/wp-json\/wp\/v2\/media?parent=6080"}],"wp:term":[{"taxonomy":"category","embeddable":true,"href":"https:\/\/corporacioninmobiliaria.com.co\/en\/wp-json\/wp\/v2\/categories?post=6080"},{"taxonomy":"post_tag","embeddable":true,"href":"https:\/\/corporacioninmobiliaria.com.co\/en\/wp-json\/wp\/v2\/tags?post=6080"}],"curies":[{"name":"wp","href":"https:\/\/api.w.org\/{rel}","templated":true}]}}